{"id":45890,"date":"2025-01-03T19:01:45","date_gmt":"2025-01-03T19:01:45","guid":{"rendered":"https:\/\/sites.generatepress.com\/restaurant\/?p=45890"},"modified":"2026-09-04T19:03:19","modified_gmt":"2026-09-04T17:03:19","slug":"clear-and-engaging-title-that-includes-your-keyword-5","status":"publish","type":"post","link":"https:\/\/cafezen.pl\/index.php\/2025\/01\/03\/clear-and-engaging-title-that-includes-your-keyword-5\/","title":{"rendered":"Otwarcie CAF\u00c9 ZEN"},"content":{"rendered":"\n<h2 class=\"gb-text gbp-section__headline\">Otwarcie CAF\u00c9 ZEN<\/h2>\n\n\n\n<p class=\"wp-block-paragraph\">Za nami oficjalne otwarcie Caf\u00e9 Zen. Przeci\u0119cie wst\u0119gi by\u0142o tylko symbolem. Prawdziwe otwarcie nast\u0105pi\u0142o wtedy, gdy w naszych progach pojawili si\u0119 pierwsi Go\u015bcie, a lokal wype\u0142ni\u0142 si\u0119 rozmowami, u\u015bmiechami i zapachem \u015bwie\u017co wypiekanej pizzy.<\/p>\n\n\n\n<p class=\"wp-block-paragraph\">Dzi\u0119kujemy ka\u017cdemu, kto by\u0142 z nami tego dnia. Dzi\u0119kujemy za ka\u017cde dobre s\u0142owo, ka\u017cd\u0105 wizyt\u0119, ka\u017cd\u0105 kaw\u0119, ka\u017cdy Zenwich i ka\u017cd\u0105 pizz\u0119. To dzi\u0119ki Wam Caf\u00e9 Zen od pierwszych chwil sta\u0142o si\u0119 czym\u015b wi\u0119cej ni\u017c restauracj\u0105.<\/p>\n\n\n\n<p class=\"wp-block-paragraph\">Ogromne podzi\u0119kowania nale\u017c\u0105 si\u0119 r\u00f3wnie\u017c ca\u0142ej naszej ekipie. Kucharzom, obs\u0142udze, wszystkim osobom, kt\u00f3re przez wiele tygodni wk\u0142ada\u0142y serce w przygotowania. Wasza praca, zaanga\u017cowanie i u\u015bmiech stworzy\u0142y atmosfer\u0119, kt\u00f3r\u0105 by\u0142o czu\u0107 od wej\u015bcia.<\/p>\n\n\n\n<p class=\"wp-block-paragraph\">Dzi\u0119kujemy tak\u017ce DJ-owi za muzyk\u0119, kt\u00f3ra po\u0142\u0105czy\u0142a ludzi i nada\u0142a temu dniu wyj\u0105tkowy klimat.<\/p>\n\n\n\n<p class=\"wp-block-paragraph\">Caf\u00e9 Zen powsta\u0142o z marzenia o miejscu, w kt\u00f3rym mo\u017cna na chwil\u0119 zwolni\u0107. Spotka\u0107 si\u0119 z rodzin\u0105 i przyjaci\u00f3\u0142mi. Zje\u015b\u0107 co\u015b przygotowanego z sercem. Wypi\u0107 dobr\u0105 kaw\u0119 lub ceremonialn\u0105 match\u0119. Po prostu poby\u0107.<\/p>\n\n\n\n<p class=\"wp-block-paragraph\">To dopiero pocz\u0105tek naszej drogi. Cieszymy si\u0119, \u017ce mo\u017cemy i\u015b\u0107 ni\u0105 razem z Wami.<\/p>\n\n\n\n<p class=\"wp-block-paragraph\">Do zobaczenia w Caf\u00e9 Zen. \ud83d\udc9a<\/p>\n","protected":false},"excerpt":{"rendered":"<p>Otwarcie CAF\u00c9 ZEN Za nami oficjalne otwarcie Caf\u00e9 Zen. Przeci\u0119cie wst\u0119gi by\u0142o tylko symbolem. Prawdziwe otwarcie nast\u0105pi\u0142o wtedy, gdy w naszych progach pojawili si\u0119 pierwsi Go\u015bcie, a lokal wype\u0142ni\u0142 si\u0119 rozmowami, u\u015bmiechami i zapachem \u015bwie\u017co wypiekanej pizzy. Dzi\u0119kujemy ka\u017cdemu, kto by\u0142 z nami tego dnia. Dzi\u0119kujemy za ka\u017cde dobre s\u0142owo, ka\u017cd\u0105 wizyt\u0119, ka\u017cd\u0105 kaw\u0119, ka\u017cdy &#8230; <a title=\"Otwarcie CAF\u00c9 ZEN\" class=\"read-more\" href=\"https:\/\/cafezen.pl\/index.php\/2025\/01\/03\/clear-and-engaging-title-that-includes-your-keyword-5\/\" aria-label=\"Dowiedz si\u0119 wi\u0119cej o Otwarcie CAF\u00c9 ZEN\">Czytaj dalej<\/a><\/p>\n","protected":false},"author":1,"featured_media":48917,"comment_status":"closed","ping_status":"closed","sticky":false,"template":"","format":"standard","meta":{"footnotes":""},"categories":[5,6],"tags":[],"class_list":["post-45890","post","type-post","status-publish","format-standard","has-post-thumbnail","hentry","category-category-one","category-category-two"],"_links":{"self":[{"href":"https:\/\/cafezen.pl\/index.php\/wp-json\/wp\/v2\/posts\/45890","targetHints":{"allow":["GET"]}}],"collection":[{"href":"https:\/\/cafezen.pl\/index.php\/wp-json\/wp\/v2\/posts"}],"about":[{"href":"https:\/\/cafezen.pl\/index.php\/wp-json\/wp\/v2\/types\/post"}],"author":[{"embeddable":true,"href":"https:\/\/cafezen.pl\/index.php\/wp-json\/wp\/v2\/users\/1"}],"replies":[{"embeddable":true,"href":"https:\/\/cafezen.pl\/index.php\/wp-json\/wp\/v2\/comments?post=45890"}],"version-history":[{"count":3,"href":"https:\/\/cafezen.pl\/index.php\/wp-json\/wp\/v2\/posts\/45890\/revisions"}],"predecessor-version":[{"id":48915,"href":"https:\/\/cafezen.pl\/index.php\/wp-json\/wp\/v2\/posts\/45890\/revisions\/48915"}],"wp:featuredmedia":[{"embeddable":true,"href":"https:\/\/cafezen.pl\/index.php\/wp-json\/wp\/v2\/media\/48917"}],"wp:attachment":[{"href":"https:\/\/cafezen.pl\/index.php\/wp-json\/wp\/v2\/media?parent=45890"}],"wp:term":[{"taxonomy":"category","embeddable":true,"href":"https:\/\/cafezen.pl\/index.php\/wp-json\/wp\/v2\/categories?post=45890"},{"taxonomy":"post_tag","embeddable":true,"href":"https:\/\/cafezen.pl\/index.php\/wp-json\/wp\/v2\/tags?post=45890"}],"curies":[{"name":"wp","href":"https:\/\/api.w.org\/{rel}","templated":true}]}}